{"id":3378,"date":"2024-09-05T09:37:05","date_gmt":"2024-09-05T07:37:05","guid":{"rendered":"https:\/\/medi-market-group.poush-dev.be\/le-groupe-medi-market-fait-parler-de-lui-dans-la-presse-francophone\/"},"modified":"2025-11-26T09:44:22","modified_gmt":"2025-11-26T08:44:22","slug":"medi-market-group-featured-in-francophone-press","status":"publish","type":"post","link":"https:\/\/www.medi-market-group.com\/en\/medi-market-group-featured-in-francophone-press\/","title":{"rendered":"Medi-Market Group Featured in Francophone Press"},"content":{"rendered":"<p>[et_pb_section fb_built=&#8221;1&#8243; admin_label=&#8221;section&#8221; _builder_version=&#8221;4.16&#8243; global_colors_info=&#8221;{}&#8221;][et_pb_row admin_label=&#8221;row&#8221; _builder_version=&#8221;4.16&#8243; background_size=&#8221;initial&#8221; background_position=&#8221;top_left&#8221; background_repeat=&#8221;repeat&#8221; global_colors_info=&#8221;{}&#8221;][et_pb_column type=&#8221;4_4&#8243; _builder_version=&#8221;4.16&#8243; custom_padding=&#8221;|||&#8221; global_colors_info=&#8221;{}&#8221; custom_padding__hover=&#8221;|||&#8221;][et_pb_text admin_label=&#8221;Text&#8221; _builder_version=&#8221;4.27.4&#8243; background_size=&#8221;initial&#8221; background_position=&#8221;top_left&#8221; background_repeat=&#8221;repeat&#8221; global_colors_info=&#8221;{}&#8221;]<\/p>\n<p>Following the press release marking our 10th anniversary, our company has been highlighted by two major francophone publications. Indeed, our CEO, C\u00e9dric Antoine, was invited to share the journey and ambitions of Medi-Market in the pages of <em>L\u2019Echo<\/em> and <em>La Libre Eco<\/em>. These exclusive interviews showcased the rapid development of our brand over the past three years, as well as our international expansion plans, particularly towards Spain following our success in Italy.<\/p>\n<p>These media coverages reflect our ongoing commitment to democratizing health and wellness by making these services accessible to as many people as possible. The focus was placed on our growth strategy, our positioning as a leading Belgian retailer in health and wellness products, and our drive to innovate to meet our customers\u2019 needs worldwide.<\/p>\n<p>For those interested in learning more about our development and future outlook, we invite you to read the full interviews (subscription accounts):<\/p>\n<ul>\n<li><em>L\u2019Echo<\/em>: \u201cAfter Italy, Medi-Market sets course for Spain\u201d \u2013 07\/24\/2024 (Luc Van Driessche)<\/li>\n<li>La Libre Belgique:\u00a0<a href=\"https:\/\/bit.ly\/3TC62J1\">C\u00e9dric Antoine (Medi-Market): \u00ab\u00a0Notre objectif \u00e9tait de casser le monopole des pharmacies et faire baisser les prix\u00a0\u00bb\u00a0<\/a>\u2013 31.08.2024 (Antonin Marsac)<\/li>\n<\/ul>\n<p>&nbsp;<\/p>\n<p>[\/et_pb_text][\/et_pb_column][\/et_pb_row][\/et_pb_section]<\/p>\n","protected":false},"excerpt":{"rendered":"<p>Following the press release marking our 10th anniversary, our company has been highlighted by two major francophone publications. Indeed, our CEO, C\u00e9dric Antoine, was invited to share the journey and ambitions of Medi-Market in the pages of L\u2019Echo and La Libre Eco. These exclusive interviews showcased the rapid development of our brand over the past three years, as well as our international expansion plans, particularly towards Spain following our success in Italy. These media coverages reflect our ongoing commitment to democratizing health and wellness by making these services accessible to as many people as possible. The focus was placed on our growth strategy, our positioning as a leading Belgian retailer in health and wellness products, and our drive to innovate to meet our customers\u2019 needs worldwide. For those interested in learning more about our development and future outlook, we invite you to read the full interviews (subscription accounts): L\u2019Echo: \u201cAfter Italy, Medi-Market sets course for Spain\u201d \u2013 07\/24\/2024 (Luc Van Driessche) La Libre Belgique:\u00a0C\u00e9dric Antoine (Medi-Market): \u00ab\u00a0Notre objectif \u00e9tait de casser le monopole des pharmacies et faire baisser les prix\u00a0\u00bb\u00a0\u2013 31.08.2024 (Antonin Marsac) &nbsp;<\/p>\n","protected":false},"author":2,"featured_media":2426,"comment_status":"open","ping_status":"open","sticky":false,"template":"","format":"standard","meta":{"_et_pb_use_builder":"on","_et_pb_old_content":"<p>Suite au communiqu\u00e9 de presse marquant notre 10e anniversaire, notre entreprise a \u00e9t\u00e9 mise en avant par deux publications majeures de la presse francophone. En effet, <strong>notre CEO, C\u00e9dric Antoine, a \u00e9t\u00e9 invit\u00e9 \u00e0 partager le parcours et les ambitions de Medi-Market au sein des colonnes de <em>L'Echo<\/em> et de <em>La Libre Eco<\/em>. <\/strong>Ces interviews exclusives ont permis de mettre en avant le <strong>d\u00e9veloppement rapide de notre marque au cours des trois derni\u00e8res ann\u00e9es<\/strong>, ainsi que nos <strong>ambitions d'expansion \u00e0 l'international,<\/strong> notamment vers l'Espagne apr\u00e8s notre succ\u00e8s en Italie.<\/p>\r\n\r\n\r\n\r\n<p>Ces couvertures m\u00e9diatiques refl\u00e8tent notre engagement constant \u00e0 d\u00e9mocratiser la sant\u00e9 et le bien-\u00eatre, en rendant ces services accessibles au plus grand nombre. L'accent a \u00e9t\u00e9 mis sur notre <strong>strat\u00e9gie de croissance, notre positionnement en tant que leader belge dans la grande distribution de produits de sant\u00e9 et de bien-\u00eatre, et notre volont\u00e9 d'innover pour r\u00e9pondre aux besoins de nos clients<\/strong> \u00e0 travers le monde.<\/p>\r\n\r\n\r\n\r\n<p>Pour ceux qui souhaitent en savoir plus sur notre d\u00e9veloppement et nos perspectives d'avenir, nous vous invitons \u00e0 lire les interviews compl\u00e8tes (comptes abonn\u00e9s):<\/p>\r\n\r\n\r\n\r\n<ul>\r\n<li>L'Echo : \"<a href=\"https:\/\/bit.ly\/47dil43\">Apr\u00e8s l'Italie, Medi-Market met le cap sur l'Espagne<\/a>\" - 24.07.2024 (Luc Van Driessche)<\/li>\r\n\r\n\r\n\r\n<li>La Libre Belgique: <a href=\"https:\/\/bit.ly\/3TC62J1\">C\u00e9dric Antoine (Medi-Market): \"Notre objectif \u00e9tait de casser le monopole des pharmacies et faire baisser les prix\" <\/a>- 31.08.2024 (Antonin Marsac)<\/li>\r\n<\/ul>\r\n\r\n\r\n\r\n<p><br><\/p>\r\n\r\n\r\n\r\n<p><\/p>\r\n","_et_gb_content_width":"","footnotes":""},"categories":[12],"tags":[],"class_list":["post-3378","post","type-post","status-publish","format-standard","has-post-thumbnail","hentry","category-our-news"],"yoast_head":"<!-- This site is optimized with the Yoast SEO plugin v27.5 - https:\/\/yoast.com\/product\/yoast-seo-wordpress\/ -->\n<title>Medi-Market Group Featured in Francophone Press<\/title>\n<meta name=\"robots\" content=\"index, follow, max-snippet:-1, max-image-preview:large, max-video-preview:-1\" \/>\n<link rel=\"canonical\" href=\"https:\/\/www.medi-market-group.com\/en\/medi-market-group-featured-in-francophone-press\/\" \/>\n<meta property=\"og:locale\" content=\"en_US\" \/>\n<meta property=\"og:type\" content=\"article\" \/>\n<meta property=\"og:title\" content=\"Medi-Market Group Featured in Francophone Press\" \/>\n<meta property=\"og:description\" content=\"Following the press release marking our 10th anniversary, our company has been highlighted by two major francophone publications. Indeed, our CEO, C\u00e9dric Antoine, was invited to share the journey and ambitions of Medi-Market in the pages of L\u2019Echo and La Libre Eco. These exclusive interviews showcased the rapid development of our brand over the past three years, as well as our international expansion plans, particularly towards Spain following our success in Italy. These media coverages reflect our ongoing commitment to democratizing health and wellness by making these services accessible to as many people as possible. The focus was placed on our growth strategy, our positioning as a leading Belgian retailer in health and wellness products, and our drive to innovate to meet our customers\u2019 needs worldwide. For those interested in learning more about our development and future outlook, we invite you to read the full interviews (subscription accounts): L\u2019Echo: \u201cAfter Italy, Medi-Market sets course for Spain\u201d \u2013 07\/24\/2024 (Luc Van Driessche) La Libre Belgique:\u00a0C\u00e9dric Antoine (Medi-Market): \u00ab\u00a0Notre objectif \u00e9tait de casser le monopole des pharmacies et faire baisser les prix\u00a0\u00bb\u00a0\u2013 31.08.2024 (Antonin Marsac) &nbsp;\" \/>\n<meta property=\"og:url\" content=\"https:\/\/www.medi-market-group.com\/en\/medi-market-group-featured-in-francophone-press\/\" \/>\n<meta property=\"og:site_name\" content=\"Medi-Market Group\" \/>\n<meta property=\"article:published_time\" content=\"2024-09-05T07:37:05+00:00\" \/>\n<meta property=\"article:modified_time\" content=\"2025-11-26T08:44:22+00:00\" \/>\n<meta property=\"og:image\" content=\"https:\/\/www.medi-market-group.com\/wp-content\/uploads\/2025\/09\/Image12-1024x680.png\" \/>\n\t<meta property=\"og:image:width\" content=\"1024\" \/>\n\t<meta property=\"og:image:height\" content=\"680\" \/>\n\t<meta property=\"og:image:type\" content=\"image\/png\" \/>\n<meta name=\"author\" content=\"noone\" \/>\n<meta name=\"twitter:card\" content=\"summary_large_image\" \/>\n<meta name=\"twitter:label1\" content=\"Written by\" \/>\n\t<meta name=\"twitter:data1\" content=\"noone\" \/>\n\t<meta name=\"twitter:label2\" content=\"Est. reading time\" \/>\n\t<meta name=\"twitter:data2\" content=\"2 minutes\" \/>\n<script type=\"application\/ld+json\" class=\"yoast-schema-graph\">{\"@context\":\"https:\\\/\\\/schema.org\",\"@graph\":[{\"@type\":\"Article\",\"@id\":\"https:\\\/\\\/www.medi-market-group.com\\\/en\\\/medi-market-group-featured-in-francophone-press\\\/#article\",\"isPartOf\":{\"@id\":\"https:\\\/\\\/www.medi-market-group.com\\\/en\\\/medi-market-group-featured-in-francophone-press\\\/\"},\"author\":{\"name\":\"noone\",\"@id\":\"https:\\\/\\\/www.medi-market-group.com\\\/en\\\/#\\\/schema\\\/person\\\/e545ea53fa32fb6a72045af63d7d3d69\"},\"headline\":\"Medi-Market Group Featured in Francophone Press\",\"datePublished\":\"2024-09-05T07:37:05+00:00\",\"dateModified\":\"2025-11-26T08:44:22+00:00\",\"mainEntityOfPage\":{\"@id\":\"https:\\\/\\\/www.medi-market-group.com\\\/en\\\/medi-market-group-featured-in-francophone-press\\\/\"},\"wordCount\":273,\"commentCount\":0,\"image\":{\"@id\":\"https:\\\/\\\/www.medi-market-group.com\\\/en\\\/medi-market-group-featured-in-francophone-press\\\/#primaryimage\"},\"thumbnailUrl\":\"https:\\\/\\\/www.medi-market-group.com\\\/wp-content\\\/uploads\\\/2025\\\/09\\\/Image12.png\",\"articleSection\":[\"Our news\"],\"inLanguage\":\"en-US\",\"potentialAction\":[{\"@type\":\"CommentAction\",\"name\":\"Comment\",\"target\":[\"https:\\\/\\\/www.medi-market-group.com\\\/en\\\/medi-market-group-featured-in-francophone-press\\\/#respond\"]}]},{\"@type\":\"WebPage\",\"@id\":\"https:\\\/\\\/www.medi-market-group.com\\\/en\\\/medi-market-group-featured-in-francophone-press\\\/\",\"url\":\"https:\\\/\\\/www.medi-market-group.com\\\/en\\\/medi-market-group-featured-in-francophone-press\\\/\",\"name\":\"Medi-Market Group Featured in Francophone Press\",\"isPartOf\":{\"@id\":\"https:\\\/\\\/www.medi-market-group.com\\\/en\\\/#website\"},\"primaryImageOfPage\":{\"@id\":\"https:\\\/\\\/www.medi-market-group.com\\\/en\\\/medi-market-group-featured-in-francophone-press\\\/#primaryimage\"},\"image\":{\"@id\":\"https:\\\/\\\/www.medi-market-group.com\\\/en\\\/medi-market-group-featured-in-francophone-press\\\/#primaryimage\"},\"thumbnailUrl\":\"https:\\\/\\\/www.medi-market-group.com\\\/wp-content\\\/uploads\\\/2025\\\/09\\\/Image12.png\",\"datePublished\":\"2024-09-05T07:37:05+00:00\",\"dateModified\":\"2025-11-26T08:44:22+00:00\",\"author\":{\"@id\":\"https:\\\/\\\/www.medi-market-group.com\\\/en\\\/#\\\/schema\\\/person\\\/e545ea53fa32fb6a72045af63d7d3d69\"},\"breadcrumb\":{\"@id\":\"https:\\\/\\\/www.medi-market-group.com\\\/en\\\/medi-market-group-featured-in-francophone-press\\\/#breadcrumb\"},\"inLanguage\":\"en-US\",\"potentialAction\":[{\"@type\":\"ReadAction\",\"target\":[\"https:\\\/\\\/www.medi-market-group.com\\\/en\\\/medi-market-group-featured-in-francophone-press\\\/\"]}]},{\"@type\":\"ImageObject\",\"inLanguage\":\"en-US\",\"@id\":\"https:\\\/\\\/www.medi-market-group.com\\\/en\\\/medi-market-group-featured-in-francophone-press\\\/#primaryimage\",\"url\":\"https:\\\/\\\/www.medi-market-group.com\\\/wp-content\\\/uploads\\\/2025\\\/09\\\/Image12.png\",\"contentUrl\":\"https:\\\/\\\/www.medi-market-group.com\\\/wp-content\\\/uploads\\\/2025\\\/09\\\/Image12.png\",\"width\":2727,\"height\":1810},{\"@type\":\"BreadcrumbList\",\"@id\":\"https:\\\/\\\/www.medi-market-group.com\\\/en\\\/medi-market-group-featured-in-francophone-press\\\/#breadcrumb\",\"itemListElement\":[{\"@type\":\"ListItem\",\"position\":1,\"name\":\"Accueil\",\"item\":\"https:\\\/\\\/www.medi-market-group.com\\\/en\\\/\"},{\"@type\":\"ListItem\",\"position\":2,\"name\":\"Medi-Market Group Featured in Francophone Press\"}]},{\"@type\":\"WebSite\",\"@id\":\"https:\\\/\\\/www.medi-market-group.com\\\/en\\\/#website\",\"url\":\"https:\\\/\\\/www.medi-market-group.com\\\/en\\\/\",\"name\":\"Medi-Market Group\",\"description\":\"\",\"potentialAction\":[{\"@type\":\"SearchAction\",\"target\":{\"@type\":\"EntryPoint\",\"urlTemplate\":\"https:\\\/\\\/www.medi-market-group.com\\\/en\\\/?s={search_term_string}\"},\"query-input\":{\"@type\":\"PropertyValueSpecification\",\"valueRequired\":true,\"valueName\":\"search_term_string\"}}],\"inLanguage\":\"en-US\"},{\"@type\":\"Person\",\"@id\":\"https:\\\/\\\/www.medi-market-group.com\\\/en\\\/#\\\/schema\\\/person\\\/e545ea53fa32fb6a72045af63d7d3d69\",\"name\":\"noone\"}]}<\/script>\n<!-- \/ Yoast SEO plugin. -->","yoast_head_json":{"title":"Medi-Market Group Featured in Francophone Press","robots":{"index":"index","follow":"follow","max-snippet":"max-snippet:-1","max-image-preview":"max-image-preview:large","max-video-preview":"max-video-preview:-1"},"canonical":"https:\/\/www.medi-market-group.com\/en\/medi-market-group-featured-in-francophone-press\/","og_locale":"en_US","og_type":"article","og_title":"Medi-Market Group Featured in Francophone Press","og_description":"Following the press release marking our 10th anniversary, our company has been highlighted by two major francophone publications. Indeed, our CEO, C\u00e9dric Antoine, was invited to share the journey and ambitions of Medi-Market in the pages of L\u2019Echo and La Libre Eco. These exclusive interviews showcased the rapid development of our brand over the past three years, as well as our international expansion plans, particularly towards Spain following our success in Italy. These media coverages reflect our ongoing commitment to democratizing health and wellness by making these services accessible to as many people as possible. The focus was placed on our growth strategy, our positioning as a leading Belgian retailer in health and wellness products, and our drive to innovate to meet our customers\u2019 needs worldwide. For those interested in learning more about our development and future outlook, we invite you to read the full interviews (subscription accounts): L\u2019Echo: \u201cAfter Italy, Medi-Market sets course for Spain\u201d \u2013 07\/24\/2024 (Luc Van Driessche) La Libre Belgique:\u00a0C\u00e9dric Antoine (Medi-Market): \u00ab\u00a0Notre objectif \u00e9tait de casser le monopole des pharmacies et faire baisser les prix\u00a0\u00bb\u00a0\u2013 31.08.2024 (Antonin Marsac) &nbsp;","og_url":"https:\/\/www.medi-market-group.com\/en\/medi-market-group-featured-in-francophone-press\/","og_site_name":"Medi-Market Group","article_published_time":"2024-09-05T07:37:05+00:00","article_modified_time":"2025-11-26T08:44:22+00:00","og_image":[{"width":1024,"height":680,"url":"https:\/\/www.medi-market-group.com\/wp-content\/uploads\/2025\/09\/Image12-1024x680.png","type":"image\/png"}],"author":"noone","twitter_card":"summary_large_image","twitter_misc":{"Written by":"noone","Est. reading time":"2 minutes"},"schema":{"@context":"https:\/\/schema.org","@graph":[{"@type":"Article","@id":"https:\/\/www.medi-market-group.com\/en\/medi-market-group-featured-in-francophone-press\/#article","isPartOf":{"@id":"https:\/\/www.medi-market-group.com\/en\/medi-market-group-featured-in-francophone-press\/"},"author":{"name":"noone","@id":"https:\/\/www.medi-market-group.com\/en\/#\/schema\/person\/e545ea53fa32fb6a72045af63d7d3d69"},"headline":"Medi-Market Group Featured in Francophone Press","datePublished":"2024-09-05T07:37:05+00:00","dateModified":"2025-11-26T08:44:22+00:00","mainEntityOfPage":{"@id":"https:\/\/www.medi-market-group.com\/en\/medi-market-group-featured-in-francophone-press\/"},"wordCount":273,"commentCount":0,"image":{"@id":"https:\/\/www.medi-market-group.com\/en\/medi-market-group-featured-in-francophone-press\/#primaryimage"},"thumbnailUrl":"https:\/\/www.medi-market-group.com\/wp-content\/uploads\/2025\/09\/Image12.png","articleSection":["Our news"],"inLanguage":"en-US","potentialAction":[{"@type":"CommentAction","name":"Comment","target":["https:\/\/www.medi-market-group.com\/en\/medi-market-group-featured-in-francophone-press\/#respond"]}]},{"@type":"WebPage","@id":"https:\/\/www.medi-market-group.com\/en\/medi-market-group-featured-in-francophone-press\/","url":"https:\/\/www.medi-market-group.com\/en\/medi-market-group-featured-in-francophone-press\/","name":"Medi-Market Group Featured in Francophone Press","isPartOf":{"@id":"https:\/\/www.medi-market-group.com\/en\/#website"},"primaryImageOfPage":{"@id":"https:\/\/www.medi-market-group.com\/en\/medi-market-group-featured-in-francophone-press\/#primaryimage"},"image":{"@id":"https:\/\/www.medi-market-group.com\/en\/medi-market-group-featured-in-francophone-press\/#primaryimage"},"thumbnailUrl":"https:\/\/www.medi-market-group.com\/wp-content\/uploads\/2025\/09\/Image12.png","datePublished":"2024-09-05T07:37:05+00:00","dateModified":"2025-11-26T08:44:22+00:00","author":{"@id":"https:\/\/www.medi-market-group.com\/en\/#\/schema\/person\/e545ea53fa32fb6a72045af63d7d3d69"},"breadcrumb":{"@id":"https:\/\/www.medi-market-group.com\/en\/medi-market-group-featured-in-francophone-press\/#breadcrumb"},"inLanguage":"en-US","potentialAction":[{"@type":"ReadAction","target":["https:\/\/www.medi-market-group.com\/en\/medi-market-group-featured-in-francophone-press\/"]}]},{"@type":"ImageObject","inLanguage":"en-US","@id":"https:\/\/www.medi-market-group.com\/en\/medi-market-group-featured-in-francophone-press\/#primaryimage","url":"https:\/\/www.medi-market-group.com\/wp-content\/uploads\/2025\/09\/Image12.png","contentUrl":"https:\/\/www.medi-market-group.com\/wp-content\/uploads\/2025\/09\/Image12.png","width":2727,"height":1810},{"@type":"BreadcrumbList","@id":"https:\/\/www.medi-market-group.com\/en\/medi-market-group-featured-in-francophone-press\/#breadcrumb","itemListElement":[{"@type":"ListItem","position":1,"name":"Accueil","item":"https:\/\/www.medi-market-group.com\/en\/"},{"@type":"ListItem","position":2,"name":"Medi-Market Group Featured in Francophone Press"}]},{"@type":"WebSite","@id":"https:\/\/www.medi-market-group.com\/en\/#website","url":"https:\/\/www.medi-market-group.com\/en\/","name":"Medi-Market Group","description":"","potentialAction":[{"@type":"SearchAction","target":{"@type":"EntryPoint","urlTemplate":"https:\/\/www.medi-market-group.com\/en\/?s={search_term_string}"},"query-input":{"@type":"PropertyValueSpecification","valueRequired":true,"valueName":"search_term_string"}}],"inLanguage":"en-US"},{"@type":"Person","@id":"https:\/\/www.medi-market-group.com\/en\/#\/schema\/person\/e545ea53fa32fb6a72045af63d7d3d69","name":"noone"}]}},"_links":{"self":[{"href":"https:\/\/www.medi-market-group.com\/en\/wp-json\/wp\/v2\/posts\/3378","targetHints":{"allow":["GET"]}}],"collection":[{"href":"https:\/\/www.medi-market-group.com\/en\/wp-json\/wp\/v2\/posts"}],"about":[{"href":"https:\/\/www.medi-market-group.com\/en\/wp-json\/wp\/v2\/types\/post"}],"author":[{"embeddable":true,"href":"https:\/\/www.medi-market-group.com\/en\/wp-json\/wp\/v2\/users\/2"}],"replies":[{"embeddable":true,"href":"https:\/\/www.medi-market-group.com\/en\/wp-json\/wp\/v2\/comments?post=3378"}],"version-history":[{"count":4,"href":"https:\/\/www.medi-market-group.com\/en\/wp-json\/wp\/v2\/posts\/3378\/revisions"}],"predecessor-version":[{"id":3384,"href":"https:\/\/www.medi-market-group.com\/en\/wp-json\/wp\/v2\/posts\/3378\/revisions\/3384"}],"wp:featuredmedia":[{"embeddable":true,"href":"https:\/\/www.medi-market-group.com\/en\/wp-json\/wp\/v2\/media\/2426"}],"wp:attachment":[{"href":"https:\/\/www.medi-market-group.com\/en\/wp-json\/wp\/v2\/media?parent=3378"}],"wp:term":[{"taxonomy":"category","embeddable":true,"href":"https:\/\/www.medi-market-group.com\/en\/wp-json\/wp\/v2\/categories?post=3378"},{"taxonomy":"post_tag","embeddable":true,"href":"https:\/\/www.medi-market-group.com\/en\/wp-json\/wp\/v2\/tags?post=3378"}],"curies":[{"name":"wp","href":"https:\/\/api.w.org\/{rel}","templated":true}]}}