{"id":3993,"date":"2016-05-06T10:17:12","date_gmt":"2016-05-06T08:17:12","guid":{"rendered":"https:\/\/www.medi-market-group.com\/medi-market-arrive-en-flandre\/"},"modified":"2025-11-28T11:12:09","modified_gmt":"2025-11-28T10:12:09","slug":"medi-market-arrives-in-flanders","status":"publish","type":"post","link":"https:\/\/www.medi-market-group.com\/en\/medi-market-arrives-in-flanders\/","title":{"rendered":"Medi-Market Arrives in Flanders!"},"content":{"rendered":"<p>[et_pb_section fb_built=&#8221;1&#8243; admin_label=&#8221;section&#8221; _builder_version=&#8221;4.16&#8243; global_colors_info=&#8221;{}&#8221;][et_pb_row admin_label=&#8221;row&#8221; _builder_version=&#8221;4.16&#8243; background_size=&#8221;initial&#8221; background_position=&#8221;top_left&#8221; background_repeat=&#8221;repeat&#8221; global_colors_info=&#8221;{}&#8221;][et_pb_column type=&#8221;4_4&#8243; _builder_version=&#8221;4.16&#8243; custom_padding=&#8221;|||&#8221; global_colors_info=&#8221;{}&#8221; custom_padding__hover=&#8221;|||&#8221;][et_pb_text admin_label=&#8221;Text&#8221; _builder_version=&#8221;4.27.4&#8243; background_size=&#8221;initial&#8221; background_position=&#8221;top_left&#8221; background_repeat=&#8221;repeat&#8221; hover_enabled=&#8221;0&#8243; global_colors_info=&#8221;{}&#8221; sticky_enabled=&#8221;0&#8243;]<\/p>\n<p>After Wallonia and Brussels, Medi-Market is now coming to Flanders with the same mission: <strong>\u201cdemocratizing health expertise.\u201d<\/strong><br \/>We are proud to announce the opening of our first store in Flanders, located in the municipality of Sint-Denijs-Westrem in Ghent.<\/p>\n<p>Just like in all our locations, we offer the people of the Ghent region a wide selection of over 8,000 health and wellness products, carefully sourced from top laboratories and offered at the lowest prices on the market.<\/p>\n<p>Our team of specialists is ready to welcome you and help you find the health and wellness products best suited to your needs.<\/p>\n<p>[\/et_pb_text][\/et_pb_column][\/et_pb_row][\/et_pb_section]<\/p>\n","protected":false},"excerpt":{"rendered":"<p>After Wallonia and Brussels, Medi-Market is now coming to Flanders with the same mission: \u201cdemocratizing health expertise.\u201dWe are proud to announce the opening of our first store in Flanders, located in the municipality of Sint-Denijs-Westrem in Ghent. Just like in all our locations, we offer the people of the Ghent region a wide selection of over 8,000 health and wellness products, carefully sourced from top laboratories and offered at the lowest prices on the market. Our team of specialists is ready to welcome you and help you find the health and wellness products best suited to your needs.<\/p>\n","protected":false},"author":2,"featured_media":2250,"comment_status":"open","ping_status":"open","sticky":false,"template":"","format":"standard","meta":{"_et_pb_use_builder":"on","_et_pb_old_content":"Apr\u00e8s la Wallonie et Bruxelles, Medi-Market d\u00e9barque en Flandre avec la m\u00eame envie: \u00ab\u00a0d\u00e9mocratisation de l\u2019expertise sant\u00e9\u00a0\u00bb. Nous sommes donc tr\u00e8s fiers de vous annoncer l\u2019ouverture de notre 1<sup>er<\/sup> point de vente en Flandre, dans la commune de Sint-Denijs Westrem \u00e0 Gand.\r\n\r\nA l\u2019image de tous nos points de vente, nous proposons aux habitants de la r\u00e9gion de Gand un vaste choix parmi plus de 8000 produits de sant\u00e9 et bien-\u00eatre s\u00e9lectionn\u00e9s aupr\u00e8s des meilleurs Laboratoires et offerts aux prix les plus bas du march\u00e9.\r\n\r\nNotre \u00e9quipe de sp\u00e9cialistes vous y attend et se fera une joie de vous conseiller les produits de sant\u00e9 et bien-\u00eatre les plus adapt\u00e9s \u00e0 vos besoins.","_et_gb_content_width":"","footnotes":""},"categories":[12],"tags":[],"class_list":["post-3993","post","type-post","status-publish","format-standard","has-post-thumbnail","hentry","category-our-news"],"yoast_head":"<!-- This site is optimized with the Yoast SEO plugin v27.5 - https:\/\/yoast.com\/product\/yoast-seo-wordpress\/ -->\n<title>Medi-Market Arrives in Flanders! | Medi-Market Group<\/title>\n<meta name=\"robots\" content=\"index, follow, max-snippet:-1, max-image-preview:large, max-video-preview:-1\" \/>\n<link rel=\"canonical\" href=\"https:\/\/www.medi-market-group.com\/en\/medi-market-arrives-in-flanders\/\" \/>\n<meta property=\"og:locale\" content=\"en_US\" \/>\n<meta property=\"og:type\" content=\"article\" \/>\n<meta property=\"og:title\" content=\"Medi-Market Arrives in Flanders! | Medi-Market Group\" \/>\n<meta property=\"og:description\" content=\"After Wallonia and Brussels, Medi-Market is now coming to Flanders with the same mission: \u201cdemocratizing health expertise.\u201dWe are proud to announce the opening of our first store in Flanders, located in the municipality of Sint-Denijs-Westrem in Ghent. Just like in all our locations, we offer the people of the Ghent region a wide selection of over 8,000 health and wellness products, carefully sourced from top laboratories and offered at the lowest prices on the market. Our team of specialists is ready to welcome you and help you find the health and wellness products best suited to your needs.\" \/>\n<meta property=\"og:url\" content=\"https:\/\/www.medi-market-group.com\/en\/medi-market-arrives-in-flanders\/\" \/>\n<meta property=\"og:site_name\" content=\"Medi-Market Group\" \/>\n<meta property=\"article:published_time\" content=\"2016-05-06T08:17:12+00:00\" \/>\n<meta property=\"article:modified_time\" content=\"2025-11-28T10:12:09+00:00\" \/>\n<meta property=\"og:image\" content=\"https:\/\/www.medi-market-group.com\/wp-content\/uploads\/2025\/09\/IMG_3356.jpg\" \/>\n\t<meta property=\"og:image:width\" content=\"1600\" \/>\n\t<meta property=\"og:image:height\" content=\"898\" \/>\n\t<meta property=\"og:image:type\" content=\"image\/jpeg\" \/>\n<meta name=\"author\" content=\"noone\" \/>\n<meta name=\"twitter:card\" content=\"summary_large_image\" \/>\n<meta name=\"twitter:label1\" content=\"Written by\" \/>\n\t<meta name=\"twitter:data1\" content=\"noone\" \/>\n\t<meta name=\"twitter:label2\" content=\"Est. reading time\" \/>\n\t<meta name=\"twitter:data2\" content=\"1 minute\" \/>\n<script type=\"application\/ld+json\" class=\"yoast-schema-graph\">{\"@context\":\"https:\\\/\\\/schema.org\",\"@graph\":[{\"@type\":\"Article\",\"@id\":\"https:\\\/\\\/www.medi-market-group.com\\\/en\\\/medi-market-arrives-in-flanders\\\/#article\",\"isPartOf\":{\"@id\":\"https:\\\/\\\/www.medi-market-group.com\\\/en\\\/medi-market-arrives-in-flanders\\\/\"},\"author\":{\"name\":\"noone\",\"@id\":\"https:\\\/\\\/www.medi-market-group.com\\\/en\\\/#\\\/schema\\\/person\\\/e545ea53fa32fb6a72045af63d7d3d69\"},\"headline\":\"Medi-Market Arrives in Flanders!\",\"datePublished\":\"2016-05-06T08:17:12+00:00\",\"dateModified\":\"2025-11-28T10:12:09+00:00\",\"mainEntityOfPage\":{\"@id\":\"https:\\\/\\\/www.medi-market-group.com\\\/en\\\/medi-market-arrives-in-flanders\\\/\"},\"wordCount\":187,\"commentCount\":0,\"image\":{\"@id\":\"https:\\\/\\\/www.medi-market-group.com\\\/en\\\/medi-market-arrives-in-flanders\\\/#primaryimage\"},\"thumbnailUrl\":\"https:\\\/\\\/www.medi-market-group.com\\\/wp-content\\\/uploads\\\/2025\\\/09\\\/IMG_3356.jpg\",\"articleSection\":[\"Our news\"],\"inLanguage\":\"en-US\",\"potentialAction\":[{\"@type\":\"CommentAction\",\"name\":\"Comment\",\"target\":[\"https:\\\/\\\/www.medi-market-group.com\\\/en\\\/medi-market-arrives-in-flanders\\\/#respond\"]}]},{\"@type\":\"WebPage\",\"@id\":\"https:\\\/\\\/www.medi-market-group.com\\\/en\\\/medi-market-arrives-in-flanders\\\/\",\"url\":\"https:\\\/\\\/www.medi-market-group.com\\\/en\\\/medi-market-arrives-in-flanders\\\/\",\"name\":\"Medi-Market Arrives in Flanders! | Medi-Market Group\",\"isPartOf\":{\"@id\":\"https:\\\/\\\/www.medi-market-group.com\\\/en\\\/#website\"},\"primaryImageOfPage\":{\"@id\":\"https:\\\/\\\/www.medi-market-group.com\\\/en\\\/medi-market-arrives-in-flanders\\\/#primaryimage\"},\"image\":{\"@id\":\"https:\\\/\\\/www.medi-market-group.com\\\/en\\\/medi-market-arrives-in-flanders\\\/#primaryimage\"},\"thumbnailUrl\":\"https:\\\/\\\/www.medi-market-group.com\\\/wp-content\\\/uploads\\\/2025\\\/09\\\/IMG_3356.jpg\",\"datePublished\":\"2016-05-06T08:17:12+00:00\",\"dateModified\":\"2025-11-28T10:12:09+00:00\",\"author\":{\"@id\":\"https:\\\/\\\/www.medi-market-group.com\\\/en\\\/#\\\/schema\\\/person\\\/e545ea53fa32fb6a72045af63d7d3d69\"},\"breadcrumb\":{\"@id\":\"https:\\\/\\\/www.medi-market-group.com\\\/en\\\/medi-market-arrives-in-flanders\\\/#breadcrumb\"},\"inLanguage\":\"en-US\",\"potentialAction\":[{\"@type\":\"ReadAction\",\"target\":[\"https:\\\/\\\/www.medi-market-group.com\\\/en\\\/medi-market-arrives-in-flanders\\\/\"]}]},{\"@type\":\"ImageObject\",\"inLanguage\":\"en-US\",\"@id\":\"https:\\\/\\\/www.medi-market-group.com\\\/en\\\/medi-market-arrives-in-flanders\\\/#primaryimage\",\"url\":\"https:\\\/\\\/www.medi-market-group.com\\\/wp-content\\\/uploads\\\/2025\\\/09\\\/IMG_3356.jpg\",\"contentUrl\":\"https:\\\/\\\/www.medi-market-group.com\\\/wp-content\\\/uploads\\\/2025\\\/09\\\/IMG_3356.jpg\",\"width\":1600,\"height\":898},{\"@type\":\"BreadcrumbList\",\"@id\":\"https:\\\/\\\/www.medi-market-group.com\\\/en\\\/medi-market-arrives-in-flanders\\\/#breadcrumb\",\"itemListElement\":[{\"@type\":\"ListItem\",\"position\":1,\"name\":\"Accueil\",\"item\":\"https:\\\/\\\/www.medi-market-group.com\\\/en\\\/\"},{\"@type\":\"ListItem\",\"position\":2,\"name\":\"Medi-Market Arrives in Flanders!\"}]},{\"@type\":\"WebSite\",\"@id\":\"https:\\\/\\\/www.medi-market-group.com\\\/en\\\/#website\",\"url\":\"https:\\\/\\\/www.medi-market-group.com\\\/en\\\/\",\"name\":\"Medi-Market Group\",\"description\":\"\",\"potentialAction\":[{\"@type\":\"SearchAction\",\"target\":{\"@type\":\"EntryPoint\",\"urlTemplate\":\"https:\\\/\\\/www.medi-market-group.com\\\/en\\\/?s={search_term_string}\"},\"query-input\":{\"@type\":\"PropertyValueSpecification\",\"valueRequired\":true,\"valueName\":\"search_term_string\"}}],\"inLanguage\":\"en-US\"},{\"@type\":\"Person\",\"@id\":\"https:\\\/\\\/www.medi-market-group.com\\\/en\\\/#\\\/schema\\\/person\\\/e545ea53fa32fb6a72045af63d7d3d69\",\"name\":\"noone\"}]}<\/script>\n<!-- \/ Yoast SEO plugin. -->","yoast_head_json":{"title":"Medi-Market Arrives in Flanders! | Medi-Market Group","robots":{"index":"index","follow":"follow","max-snippet":"max-snippet:-1","max-image-preview":"max-image-preview:large","max-video-preview":"max-video-preview:-1"},"canonical":"https:\/\/www.medi-market-group.com\/en\/medi-market-arrives-in-flanders\/","og_locale":"en_US","og_type":"article","og_title":"Medi-Market Arrives in Flanders! | Medi-Market Group","og_description":"After Wallonia and Brussels, Medi-Market is now coming to Flanders with the same mission: \u201cdemocratizing health expertise.\u201dWe are proud to announce the opening of our first store in Flanders, located in the municipality of Sint-Denijs-Westrem in Ghent. Just like in all our locations, we offer the people of the Ghent region a wide selection of over 8,000 health and wellness products, carefully sourced from top laboratories and offered at the lowest prices on the market. Our team of specialists is ready to welcome you and help you find the health and wellness products best suited to your needs.","og_url":"https:\/\/www.medi-market-group.com\/en\/medi-market-arrives-in-flanders\/","og_site_name":"Medi-Market Group","article_published_time":"2016-05-06T08:17:12+00:00","article_modified_time":"2025-11-28T10:12:09+00:00","og_image":[{"width":1600,"height":898,"url":"https:\/\/www.medi-market-group.com\/wp-content\/uploads\/2025\/09\/IMG_3356.jpg","type":"image\/jpeg"}],"author":"noone","twitter_card":"summary_large_image","twitter_misc":{"Written by":"noone","Est. reading time":"1 minute"},"schema":{"@context":"https:\/\/schema.org","@graph":[{"@type":"Article","@id":"https:\/\/www.medi-market-group.com\/en\/medi-market-arrives-in-flanders\/#article","isPartOf":{"@id":"https:\/\/www.medi-market-group.com\/en\/medi-market-arrives-in-flanders\/"},"author":{"name":"noone","@id":"https:\/\/www.medi-market-group.com\/en\/#\/schema\/person\/e545ea53fa32fb6a72045af63d7d3d69"},"headline":"Medi-Market Arrives in Flanders!","datePublished":"2016-05-06T08:17:12+00:00","dateModified":"2025-11-28T10:12:09+00:00","mainEntityOfPage":{"@id":"https:\/\/www.medi-market-group.com\/en\/medi-market-arrives-in-flanders\/"},"wordCount":187,"commentCount":0,"image":{"@id":"https:\/\/www.medi-market-group.com\/en\/medi-market-arrives-in-flanders\/#primaryimage"},"thumbnailUrl":"https:\/\/www.medi-market-group.com\/wp-content\/uploads\/2025\/09\/IMG_3356.jpg","articleSection":["Our news"],"inLanguage":"en-US","potentialAction":[{"@type":"CommentAction","name":"Comment","target":["https:\/\/www.medi-market-group.com\/en\/medi-market-arrives-in-flanders\/#respond"]}]},{"@type":"WebPage","@id":"https:\/\/www.medi-market-group.com\/en\/medi-market-arrives-in-flanders\/","url":"https:\/\/www.medi-market-group.com\/en\/medi-market-arrives-in-flanders\/","name":"Medi-Market Arrives in Flanders! | Medi-Market Group","isPartOf":{"@id":"https:\/\/www.medi-market-group.com\/en\/#website"},"primaryImageOfPage":{"@id":"https:\/\/www.medi-market-group.com\/en\/medi-market-arrives-in-flanders\/#primaryimage"},"image":{"@id":"https:\/\/www.medi-market-group.com\/en\/medi-market-arrives-in-flanders\/#primaryimage"},"thumbnailUrl":"https:\/\/www.medi-market-group.com\/wp-content\/uploads\/2025\/09\/IMG_3356.jpg","datePublished":"2016-05-06T08:17:12+00:00","dateModified":"2025-11-28T10:12:09+00:00","author":{"@id":"https:\/\/www.medi-market-group.com\/en\/#\/schema\/person\/e545ea53fa32fb6a72045af63d7d3d69"},"breadcrumb":{"@id":"https:\/\/www.medi-market-group.com\/en\/medi-market-arrives-in-flanders\/#breadcrumb"},"inLanguage":"en-US","potentialAction":[{"@type":"ReadAction","target":["https:\/\/www.medi-market-group.com\/en\/medi-market-arrives-in-flanders\/"]}]},{"@type":"ImageObject","inLanguage":"en-US","@id":"https:\/\/www.medi-market-group.com\/en\/medi-market-arrives-in-flanders\/#primaryimage","url":"https:\/\/www.medi-market-group.com\/wp-content\/uploads\/2025\/09\/IMG_3356.jpg","contentUrl":"https:\/\/www.medi-market-group.com\/wp-content\/uploads\/2025\/09\/IMG_3356.jpg","width":1600,"height":898},{"@type":"BreadcrumbList","@id":"https:\/\/www.medi-market-group.com\/en\/medi-market-arrives-in-flanders\/#breadcrumb","itemListElement":[{"@type":"ListItem","position":1,"name":"Accueil","item":"https:\/\/www.medi-market-group.com\/en\/"},{"@type":"ListItem","position":2,"name":"Medi-Market Arrives in Flanders!"}]},{"@type":"WebSite","@id":"https:\/\/www.medi-market-group.com\/en\/#website","url":"https:\/\/www.medi-market-group.com\/en\/","name":"Medi-Market Group","description":"","potentialAction":[{"@type":"SearchAction","target":{"@type":"EntryPoint","urlTemplate":"https:\/\/www.medi-market-group.com\/en\/?s={search_term_string}"},"query-input":{"@type":"PropertyValueSpecification","valueRequired":true,"valueName":"search_term_string"}}],"inLanguage":"en-US"},{"@type":"Person","@id":"https:\/\/www.medi-market-group.com\/en\/#\/schema\/person\/e545ea53fa32fb6a72045af63d7d3d69","name":"noone"}]}},"_links":{"self":[{"href":"https:\/\/www.medi-market-group.com\/en\/wp-json\/wp\/v2\/posts\/3993","targetHints":{"allow":["GET"]}}],"collection":[{"href":"https:\/\/www.medi-market-group.com\/en\/wp-json\/wp\/v2\/posts"}],"about":[{"href":"https:\/\/www.medi-market-group.com\/en\/wp-json\/wp\/v2\/types\/post"}],"author":[{"embeddable":true,"href":"https:\/\/www.medi-market-group.com\/en\/wp-json\/wp\/v2\/users\/2"}],"replies":[{"embeddable":true,"href":"https:\/\/www.medi-market-group.com\/en\/wp-json\/wp\/v2\/comments?post=3993"}],"version-history":[{"count":3,"href":"https:\/\/www.medi-market-group.com\/en\/wp-json\/wp\/v2\/posts\/3993\/revisions"}],"predecessor-version":[{"id":3998,"href":"https:\/\/www.medi-market-group.com\/en\/wp-json\/wp\/v2\/posts\/3993\/revisions\/3998"}],"wp:featuredmedia":[{"embeddable":true,"href":"https:\/\/www.medi-market-group.com\/en\/wp-json\/wp\/v2\/media\/2250"}],"wp:attachment":[{"href":"https:\/\/www.medi-market-group.com\/en\/wp-json\/wp\/v2\/media?parent=3993"}],"wp:term":[{"taxonomy":"category","embeddable":true,"href":"https:\/\/www.medi-market-group.com\/en\/wp-json\/wp\/v2\/categories?post=3993"},{"taxonomy":"post_tag","embeddable":true,"href":"https:\/\/www.medi-market-group.com\/en\/wp-json\/wp\/v2\/tags?post=3993"}],"curies":[{"name":"wp","href":"https:\/\/api.w.org\/{rel}","templated":true}]}}