{"id":4005,"date":"2015-11-02T13:27:38","date_gmt":"2015-11-02T12:27:38","guid":{"rendered":"https:\/\/www.medi-market-group.com\/medi-market-elu-magasin-de-lannee-2015\/"},"modified":"2025-11-28T11:15:51","modified_gmt":"2025-11-28T10:15:51","slug":"medi-market-named-store-of-the-year-2015","status":"publish","type":"post","link":"https:\/\/www.medi-market-group.com\/en\/medi-market-named-store-of-the-year-2015\/","title":{"rendered":"Medi-Market Named &#8220;Store of the Year 2015&#8221;"},"content":{"rendered":"<p>[et_pb_section fb_built=&#8221;1&#8243; admin_label=&#8221;section&#8221; _builder_version=&#8221;4.16&#8243; global_colors_info=&#8221;{}&#8221;][et_pb_row admin_label=&#8221;row&#8221; _builder_version=&#8221;4.16&#8243; background_size=&#8221;initial&#8221; background_position=&#8221;top_left&#8221; background_repeat=&#8221;repeat&#8221; global_colors_info=&#8221;{}&#8221;][et_pb_column type=&#8221;4_4&#8243; _builder_version=&#8221;4.16&#8243; custom_padding=&#8221;|||&#8221; global_colors_info=&#8221;{}&#8221; custom_padding__hover=&#8221;|||&#8221;][et_pb_text admin_label=&#8221;Text&#8221; _builder_version=&#8221;4.27.4&#8243; background_size=&#8221;initial&#8221; background_position=&#8221;top_left&#8221; background_repeat=&#8221;repeat&#8221; hover_enabled=&#8221;0&#8243; global_colors_info=&#8221;{}&#8221; sticky_enabled=&#8221;0&#8243;]<\/p>\n<p>Medi-Market has won the 2015 Mercure Award, an annual prize awarded by COMEOS, the Belgian Federation for Commerce and Services.<\/p>\n<p>The independent jury was particularly impressed by Medi-Market\u2019s groundbreaking concept and unanimously selected it from over 30 submitted projects.<\/p>\n<p>&#8220;This is a wonderful recognition that proves it is still possible to innovate in Belgium, despite challenges and resistance to change,&#8221; said Yvan Verougstraete, CEO of the Medicare-Market Group. &#8220;I especially want to thank all our team members for the enthusiasm, perseverance, and passion they show every day. A company is, above all, a human adventure, and each team member\u2019s contribution is essential to our overall success.&#8221;<\/p>\n<p>Medi-Market\u2019s expansion continues, with store openings planned in Ghent and Antwerp during the first quarter of 2016.<\/p>\n<p>[\/et_pb_text][\/et_pb_column][\/et_pb_row][\/et_pb_section]<\/p>\n","protected":false},"excerpt":{"rendered":"<p>Medi-Market has won the 2015 Mercure Award, an annual prize awarded by COMEOS, the Belgian Federation for Commerce and Services. The independent jury was particularly impressed by Medi-Market\u2019s groundbreaking concept and unanimously selected it from over 30 submitted projects. &#8220;This is a wonderful recognition that proves it is still possible to innovate in Belgium, despite challenges and resistance to change,&#8221; said Yvan Verougstraete, CEO of the Medicare-Market Group. &#8220;I especially want to thank all our team members for the enthusiasm, perseverance, and passion they show every day. A company is, above all, a human adventure, and each team member\u2019s contribution is essential to our overall success.&#8221; Medi-Market\u2019s expansion continues, with store openings planned in Ghent and Antwerp during the first quarter of 2016.<\/p>\n","protected":false},"author":2,"featured_media":2242,"comment_status":"open","ping_status":"open","sticky":false,"template":"","format":"standard","meta":{"_et_pb_use_builder":"on","_et_pb_old_content":"Medi-Market a remport\u00e9 le prix Mercure 2015, une r\u00e9compense annuelle d\u00e9cern\u00e9e par COMEOS, la F\u00e9d\u00e9ration Belges du Commerce et des Services.\r\n\r\nLe jury ind\u00e9pendant s\u2019est dit particuli\u00e8rement impressionn\u00e9s\u00a0par le concept\u00a0r\u00e9volutionnaire propos\u00e9 par Medi-Market et a vot\u00e9 en sa faveur \u00e0 l\u2019unanimit\u00e9 parmi un choix de plus de 30 dossiers re\u00e7us.\r\n\r\n\u00ab\u00a0C\u2019est une superbe reconnaissance qui prouve qu\u2019il est encore possible d\u2019innover en Belgique, malgr\u00e9 les difficult\u00e9s et les r\u00e9ticences face au changement \u00bb d\u00e9clare Yvan Verougstraete, le CEO du Groupe Medicare-Market. \u00ab\u00a0Je remercie particuli\u00e8rement l\u2019ensemble des collaborateurs pour l\u2019enthousiasme, la pers\u00e9v\u00e9rance et la passion dont ils font preuve au quotidien. Une entreprise, c\u2019est avant tout une aventure humaine et la contribution de chaque membre de l\u2019\u00e9quipe est essentielle pour la r\u00e9ussite de l\u2019ensemble.\u00a0\u00bb\r\n\r\nL\u2019expansion de Medi-Market est en route avec des ouvertures \u00e0 Gand et Anvers durant le premier trimestre 2016.","_et_gb_content_width":"","footnotes":""},"categories":[12],"tags":[],"class_list":["post-4005","post","type-post","status-publish","format-standard","has-post-thumbnail","hentry","category-our-news"],"yoast_head":"<!-- This site is optimized with the Yoast SEO plugin v27.5 - https:\/\/yoast.com\/product\/yoast-seo-wordpress\/ -->\n<title>Medi-Market Named &quot;Store of the Year 2015&quot; | Medi-Market Group<\/title>\n<meta name=\"robots\" content=\"index, follow, max-snippet:-1, max-image-preview:large, max-video-preview:-1\" \/>\n<link rel=\"canonical\" href=\"https:\/\/www.medi-market-group.com\/en\/medi-market-named-store-of-the-year-2015\/\" \/>\n<meta property=\"og:locale\" content=\"en_US\" \/>\n<meta property=\"og:type\" content=\"article\" \/>\n<meta property=\"og:title\" content=\"Medi-Market Named &quot;Store of the Year 2015&quot; | Medi-Market Group\" \/>\n<meta property=\"og:description\" content=\"Medi-Market has won the 2015 Mercure Award, an annual prize awarded by COMEOS, the Belgian Federation for Commerce and Services. The independent jury was particularly impressed by Medi-Market\u2019s groundbreaking concept and unanimously selected it from over 30 submitted projects. &quot;This is a wonderful recognition that proves it is still possible to innovate in Belgium, despite challenges and resistance to change,&quot; said Yvan Verougstraete, CEO of the Medicare-Market Group. &quot;I especially want to thank all our team members for the enthusiasm, perseverance, and passion they show every day. A company is, above all, a human adventure, and each team member\u2019s contribution is essential to our overall success.&quot; Medi-Market\u2019s expansion continues, with store openings planned in Ghent and Antwerp during the first quarter of 2016.\" \/>\n<meta property=\"og:url\" content=\"https:\/\/www.medi-market-group.com\/en\/medi-market-named-store-of-the-year-2015\/\" \/>\n<meta property=\"og:site_name\" content=\"Medi-Market Group\" \/>\n<meta property=\"article:published_time\" content=\"2015-11-02T12:27:38+00:00\" \/>\n<meta property=\"article:modified_time\" content=\"2025-11-28T10:15:51+00:00\" \/>\n<meta property=\"og:image\" content=\"https:\/\/www.medi-market-group.com\/wp-content\/uploads\/2025\/09\/mercuriusprijs2015-34-rev1-1024x435.jpg\" \/>\n\t<meta property=\"og:image:width\" content=\"1024\" \/>\n\t<meta property=\"og:image:height\" content=\"435\" \/>\n\t<meta property=\"og:image:type\" content=\"image\/jpeg\" \/>\n<meta name=\"author\" content=\"noone\" \/>\n<meta name=\"twitter:card\" content=\"summary_large_image\" \/>\n<meta name=\"twitter:label1\" content=\"Written by\" \/>\n\t<meta name=\"twitter:data1\" content=\"noone\" \/>\n\t<meta name=\"twitter:label2\" content=\"Est. reading time\" \/>\n\t<meta name=\"twitter:data2\" content=\"1 minute\" \/>\n<script type=\"application\/ld+json\" class=\"yoast-schema-graph\">{\"@context\":\"https:\\\/\\\/schema.org\",\"@graph\":[{\"@type\":\"Article\",\"@id\":\"https:\\\/\\\/www.medi-market-group.com\\\/en\\\/medi-market-named-store-of-the-year-2015\\\/#article\",\"isPartOf\":{\"@id\":\"https:\\\/\\\/www.medi-market-group.com\\\/en\\\/medi-market-named-store-of-the-year-2015\\\/\"},\"author\":{\"name\":\"noone\",\"@id\":\"https:\\\/\\\/www.medi-market-group.com\\\/en\\\/#\\\/schema\\\/person\\\/e545ea53fa32fb6a72045af63d7d3d69\"},\"headline\":\"Medi-Market Named &#8220;Store of the Year 2015&#8221;\",\"datePublished\":\"2015-11-02T12:27:38+00:00\",\"dateModified\":\"2025-11-28T10:15:51+00:00\",\"mainEntityOfPage\":{\"@id\":\"https:\\\/\\\/www.medi-market-group.com\\\/en\\\/medi-market-named-store-of-the-year-2015\\\/\"},\"wordCount\":214,\"commentCount\":0,\"image\":{\"@id\":\"https:\\\/\\\/www.medi-market-group.com\\\/en\\\/medi-market-named-store-of-the-year-2015\\\/#primaryimage\"},\"thumbnailUrl\":\"https:\\\/\\\/www.medi-market-group.com\\\/wp-content\\\/uploads\\\/2025\\\/09\\\/mercuriusprijs2015-34-rev1.jpg\",\"articleSection\":[\"Our news\"],\"inLanguage\":\"en-US\",\"potentialAction\":[{\"@type\":\"CommentAction\",\"name\":\"Comment\",\"target\":[\"https:\\\/\\\/www.medi-market-group.com\\\/en\\\/medi-market-named-store-of-the-year-2015\\\/#respond\"]}]},{\"@type\":\"WebPage\",\"@id\":\"https:\\\/\\\/www.medi-market-group.com\\\/en\\\/medi-market-named-store-of-the-year-2015\\\/\",\"url\":\"https:\\\/\\\/www.medi-market-group.com\\\/en\\\/medi-market-named-store-of-the-year-2015\\\/\",\"name\":\"Medi-Market Named \\\"Store of the Year 2015\\\" | Medi-Market Group\",\"isPartOf\":{\"@id\":\"https:\\\/\\\/www.medi-market-group.com\\\/en\\\/#website\"},\"primaryImageOfPage\":{\"@id\":\"https:\\\/\\\/www.medi-market-group.com\\\/en\\\/medi-market-named-store-of-the-year-2015\\\/#primaryimage\"},\"image\":{\"@id\":\"https:\\\/\\\/www.medi-market-group.com\\\/en\\\/medi-market-named-store-of-the-year-2015\\\/#primaryimage\"},\"thumbnailUrl\":\"https:\\\/\\\/www.medi-market-group.com\\\/wp-content\\\/uploads\\\/2025\\\/09\\\/mercuriusprijs2015-34-rev1.jpg\",\"datePublished\":\"2015-11-02T12:27:38+00:00\",\"dateModified\":\"2025-11-28T10:15:51+00:00\",\"author\":{\"@id\":\"https:\\\/\\\/www.medi-market-group.com\\\/en\\\/#\\\/schema\\\/person\\\/e545ea53fa32fb6a72045af63d7d3d69\"},\"breadcrumb\":{\"@id\":\"https:\\\/\\\/www.medi-market-group.com\\\/en\\\/medi-market-named-store-of-the-year-2015\\\/#breadcrumb\"},\"inLanguage\":\"en-US\",\"potentialAction\":[{\"@type\":\"ReadAction\",\"target\":[\"https:\\\/\\\/www.medi-market-group.com\\\/en\\\/medi-market-named-store-of-the-year-2015\\\/\"]}]},{\"@type\":\"ImageObject\",\"inLanguage\":\"en-US\",\"@id\":\"https:\\\/\\\/www.medi-market-group.com\\\/en\\\/medi-market-named-store-of-the-year-2015\\\/#primaryimage\",\"url\":\"https:\\\/\\\/www.medi-market-group.com\\\/wp-content\\\/uploads\\\/2025\\\/09\\\/mercuriusprijs2015-34-rev1.jpg\",\"contentUrl\":\"https:\\\/\\\/www.medi-market-group.com\\\/wp-content\\\/uploads\\\/2025\\\/09\\\/mercuriusprijs2015-34-rev1.jpg\",\"width\":5184,\"height\":2200},{\"@type\":\"BreadcrumbList\",\"@id\":\"https:\\\/\\\/www.medi-market-group.com\\\/en\\\/medi-market-named-store-of-the-year-2015\\\/#breadcrumb\",\"itemListElement\":[{\"@type\":\"ListItem\",\"position\":1,\"name\":\"Accueil\",\"item\":\"https:\\\/\\\/www.medi-market-group.com\\\/en\\\/\"},{\"@type\":\"ListItem\",\"position\":2,\"name\":\"Medi-Market Named &#8220;Store of the Year 2015&#8221;\"}]},{\"@type\":\"WebSite\",\"@id\":\"https:\\\/\\\/www.medi-market-group.com\\\/en\\\/#website\",\"url\":\"https:\\\/\\\/www.medi-market-group.com\\\/en\\\/\",\"name\":\"Medi-Market Group\",\"description\":\"\",\"potentialAction\":[{\"@type\":\"SearchAction\",\"target\":{\"@type\":\"EntryPoint\",\"urlTemplate\":\"https:\\\/\\\/www.medi-market-group.com\\\/en\\\/?s={search_term_string}\"},\"query-input\":{\"@type\":\"PropertyValueSpecification\",\"valueRequired\":true,\"valueName\":\"search_term_string\"}}],\"inLanguage\":\"en-US\"},{\"@type\":\"Person\",\"@id\":\"https:\\\/\\\/www.medi-market-group.com\\\/en\\\/#\\\/schema\\\/person\\\/e545ea53fa32fb6a72045af63d7d3d69\",\"name\":\"noone\"}]}<\/script>\n<!-- \/ Yoast SEO plugin. -->","yoast_head_json":{"title":"Medi-Market Named \"Store of the Year 2015\" | Medi-Market Group","robots":{"index":"index","follow":"follow","max-snippet":"max-snippet:-1","max-image-preview":"max-image-preview:large","max-video-preview":"max-video-preview:-1"},"canonical":"https:\/\/www.medi-market-group.com\/en\/medi-market-named-store-of-the-year-2015\/","og_locale":"en_US","og_type":"article","og_title":"Medi-Market Named \"Store of the Year 2015\" | Medi-Market Group","og_description":"Medi-Market has won the 2015 Mercure Award, an annual prize awarded by COMEOS, the Belgian Federation for Commerce and Services. The independent jury was particularly impressed by Medi-Market\u2019s groundbreaking concept and unanimously selected it from over 30 submitted projects. \"This is a wonderful recognition that proves it is still possible to innovate in Belgium, despite challenges and resistance to change,\" said Yvan Verougstraete, CEO of the Medicare-Market Group. \"I especially want to thank all our team members for the enthusiasm, perseverance, and passion they show every day. A company is, above all, a human adventure, and each team member\u2019s contribution is essential to our overall success.\" Medi-Market\u2019s expansion continues, with store openings planned in Ghent and Antwerp during the first quarter of 2016.","og_url":"https:\/\/www.medi-market-group.com\/en\/medi-market-named-store-of-the-year-2015\/","og_site_name":"Medi-Market Group","article_published_time":"2015-11-02T12:27:38+00:00","article_modified_time":"2025-11-28T10:15:51+00:00","og_image":[{"width":1024,"height":435,"url":"https:\/\/www.medi-market-group.com\/wp-content\/uploads\/2025\/09\/mercuriusprijs2015-34-rev1-1024x435.jpg","type":"image\/jpeg"}],"author":"noone","twitter_card":"summary_large_image","twitter_misc":{"Written by":"noone","Est. reading time":"1 minute"},"schema":{"@context":"https:\/\/schema.org","@graph":[{"@type":"Article","@id":"https:\/\/www.medi-market-group.com\/en\/medi-market-named-store-of-the-year-2015\/#article","isPartOf":{"@id":"https:\/\/www.medi-market-group.com\/en\/medi-market-named-store-of-the-year-2015\/"},"author":{"name":"noone","@id":"https:\/\/www.medi-market-group.com\/en\/#\/schema\/person\/e545ea53fa32fb6a72045af63d7d3d69"},"headline":"Medi-Market Named &#8220;Store of the Year 2015&#8221;","datePublished":"2015-11-02T12:27:38+00:00","dateModified":"2025-11-28T10:15:51+00:00","mainEntityOfPage":{"@id":"https:\/\/www.medi-market-group.com\/en\/medi-market-named-store-of-the-year-2015\/"},"wordCount":214,"commentCount":0,"image":{"@id":"https:\/\/www.medi-market-group.com\/en\/medi-market-named-store-of-the-year-2015\/#primaryimage"},"thumbnailUrl":"https:\/\/www.medi-market-group.com\/wp-content\/uploads\/2025\/09\/mercuriusprijs2015-34-rev1.jpg","articleSection":["Our news"],"inLanguage":"en-US","potentialAction":[{"@type":"CommentAction","name":"Comment","target":["https:\/\/www.medi-market-group.com\/en\/medi-market-named-store-of-the-year-2015\/#respond"]}]},{"@type":"WebPage","@id":"https:\/\/www.medi-market-group.com\/en\/medi-market-named-store-of-the-year-2015\/","url":"https:\/\/www.medi-market-group.com\/en\/medi-market-named-store-of-the-year-2015\/","name":"Medi-Market Named \"Store of the Year 2015\" | Medi-Market Group","isPartOf":{"@id":"https:\/\/www.medi-market-group.com\/en\/#website"},"primaryImageOfPage":{"@id":"https:\/\/www.medi-market-group.com\/en\/medi-market-named-store-of-the-year-2015\/#primaryimage"},"image":{"@id":"https:\/\/www.medi-market-group.com\/en\/medi-market-named-store-of-the-year-2015\/#primaryimage"},"thumbnailUrl":"https:\/\/www.medi-market-group.com\/wp-content\/uploads\/2025\/09\/mercuriusprijs2015-34-rev1.jpg","datePublished":"2015-11-02T12:27:38+00:00","dateModified":"2025-11-28T10:15:51+00:00","author":{"@id":"https:\/\/www.medi-market-group.com\/en\/#\/schema\/person\/e545ea53fa32fb6a72045af63d7d3d69"},"breadcrumb":{"@id":"https:\/\/www.medi-market-group.com\/en\/medi-market-named-store-of-the-year-2015\/#breadcrumb"},"inLanguage":"en-US","potentialAction":[{"@type":"ReadAction","target":["https:\/\/www.medi-market-group.com\/en\/medi-market-named-store-of-the-year-2015\/"]}]},{"@type":"ImageObject","inLanguage":"en-US","@id":"https:\/\/www.medi-market-group.com\/en\/medi-market-named-store-of-the-year-2015\/#primaryimage","url":"https:\/\/www.medi-market-group.com\/wp-content\/uploads\/2025\/09\/mercuriusprijs2015-34-rev1.jpg","contentUrl":"https:\/\/www.medi-market-group.com\/wp-content\/uploads\/2025\/09\/mercuriusprijs2015-34-rev1.jpg","width":5184,"height":2200},{"@type":"BreadcrumbList","@id":"https:\/\/www.medi-market-group.com\/en\/medi-market-named-store-of-the-year-2015\/#breadcrumb","itemListElement":[{"@type":"ListItem","position":1,"name":"Accueil","item":"https:\/\/www.medi-market-group.com\/en\/"},{"@type":"ListItem","position":2,"name":"Medi-Market Named &#8220;Store of the Year 2015&#8221;"}]},{"@type":"WebSite","@id":"https:\/\/www.medi-market-group.com\/en\/#website","url":"https:\/\/www.medi-market-group.com\/en\/","name":"Medi-Market Group","description":"","potentialAction":[{"@type":"SearchAction","target":{"@type":"EntryPoint","urlTemplate":"https:\/\/www.medi-market-group.com\/en\/?s={search_term_string}"},"query-input":{"@type":"PropertyValueSpecification","valueRequired":true,"valueName":"search_term_string"}}],"inLanguage":"en-US"},{"@type":"Person","@id":"https:\/\/www.medi-market-group.com\/en\/#\/schema\/person\/e545ea53fa32fb6a72045af63d7d3d69","name":"noone"}]}},"_links":{"self":[{"href":"https:\/\/www.medi-market-group.com\/en\/wp-json\/wp\/v2\/posts\/4005","targetHints":{"allow":["GET"]}}],"collection":[{"href":"https:\/\/www.medi-market-group.com\/en\/wp-json\/wp\/v2\/posts"}],"about":[{"href":"https:\/\/www.medi-market-group.com\/en\/wp-json\/wp\/v2\/types\/post"}],"author":[{"embeddable":true,"href":"https:\/\/www.medi-market-group.com\/en\/wp-json\/wp\/v2\/users\/2"}],"replies":[{"embeddable":true,"href":"https:\/\/www.medi-market-group.com\/en\/wp-json\/wp\/v2\/comments?post=4005"}],"version-history":[{"count":2,"href":"https:\/\/www.medi-market-group.com\/en\/wp-json\/wp\/v2\/posts\/4005\/revisions"}],"predecessor-version":[{"id":4009,"href":"https:\/\/www.medi-market-group.com\/en\/wp-json\/wp\/v2\/posts\/4005\/revisions\/4009"}],"wp:featuredmedia":[{"embeddable":true,"href":"https:\/\/www.medi-market-group.com\/en\/wp-json\/wp\/v2\/media\/2242"}],"wp:attachment":[{"href":"https:\/\/www.medi-market-group.com\/en\/wp-json\/wp\/v2\/media?parent=4005"}],"wp:term":[{"taxonomy":"category","embeddable":true,"href":"https:\/\/www.medi-market-group.com\/en\/wp-json\/wp\/v2\/categories?post=4005"},{"taxonomy":"post_tag","embeddable":true,"href":"https:\/\/www.medi-market-group.com\/en\/wp-json\/wp\/v2\/tags?post=4005"}],"curies":[{"name":"wp","href":"https:\/\/api.w.org\/{rel}","templated":true}]}}